{"id":14442,"date":"2025-09-10T12:56:58","date_gmt":"2025-09-10T10:56:58","guid":{"rendered":"https:\/\/noain.es\/nueva-edicion-de-la-feria-navarra-ecologica-en-el-parque-de-los-sentidos-que-este-ano-celebra-su-10-aniversario\/"},"modified":"2025-09-10T13:11:08","modified_gmt":"2025-09-10T11:11:08","slug":"nueva-edicion-de-la-feria-navarra-ecologica-en-el-parque-de-los-sentidos-que-este-ano-celebra-su-10-aniversario","status":"publish","type":"post","link":"https:\/\/noain.es\/eu\/nueva-edicion-de-la-feria-navarra-ecologica-en-el-parque-de-los-sentidos-que-este-ano-celebra-su-10-aniversario\/","title":{"rendered":"Nafarroako Azoka Ekologikoak 10. urteurrena ospatuko du aurten"},"content":{"rendered":"\n<p>Nafarroako Azoka Ekologikoak 10. urteurrena ospatuko du aurten!!!!<\/p>\n\n\n\n<p>Nafarroako Azoka Ekologikoak 10. urteurrena ospatuko du aurten!!!!<\/p>\n\n\n\n<p>Zuzeneko salmenta eta produktoreak bertatik bertara ezagutzeko aukera uztartuko dituen ekitaldia da. Horrez gain, produktu freskoak, sasoikoak, elaboratuak eta artisauak (euroorria) kontsumitzeak duen garrantziaz &nbsp;entsibilizatzeko eta ikasteko jarduera-programa handi bat antolatu da.<\/p>\n\n\n\n<p>2016az geroztik CPAEN NNPEK antolatuta, gastronomia-gune bat, txikiekozona duten haurrentzako gune bat eta tailer edo dastatze gune bat izango ditu.<\/p>\n\n\n\n<p>Gainera, aurten&nbsp;<strong>BESTE MUNDU BAT POSIBLE DA&nbsp;<\/strong>espazioa izango dugu, non Karmelo Bizkarra, Nicol\u00e1s \u00d3lea eta Joaqu\u00edn Araujok euren ezagutzak partekatuko dituzten.<\/p>\n\n\n\n<p>Eta askoz gehiago! Zatoz ekoizpen ekologikoaz gozatzera eta ezagutzera!<\/p>\n\n\n\n<div data-wp-interactive=\"core\/file\" class=\"wp-block-file\"><object data-wp-bind--hidden=\"!state.hasPdfPreview\" hidden class=\"wp-block-file__embed\" data=\"https:\/\/noain.es\/wp-content\/uploads\/2025\/09\/Programacion-X-Edicion-Feria-Navarra-Ecologica.pdf\" type=\"application\/pdf\" style=\"width:100%;height:600px\" aria-label=\"Embed of Programaci\u00f3n X Edicion Feria Navarra Ecologica.\"><\/object><a id=\"wp-block-file--media-f24ef1c2-b2d0-4f11-b8f0-42ec2337acc9\" href=\"https:\/\/noain.es\/wp-content\/uploads\/2025\/09\/Programacion-X-Edicion-Feria-Navarra-Ecologica.pdf\">Programaci\u00f3n X Edicion Feria Navarra Ecologica<\/a><a href=\"https:\/\/noain.es\/wp-content\/uploads\/2025\/09\/Programacion-X-Edicion-Feria-Navarra-Ecologica.pdf\" class=\"wp-block-file__button wp-element-button\" download aria-describedby=\"wp-block-file--media-f24ef1c2-b2d0-4f11-b8f0-42ec2337acc9\">Descarga<\/a><\/div>\n","protected":false},"excerpt":{"rendered":"<p>Nafarroako Azoka Ekologikoak 10. urteurrena ospatuko du aurten!!!! Nafarroako Azoka Ekologikoak 10. urteurrena ospatuko du aurten!!!! Zuzeneko salmenta eta produktoreak bertatik bertara ezagutzeko aukera uztartuko dituen ekitaldia da. Horrez gain, produktu freskoak, sasoikoak, elaboratuak eta artisauak (euroorria) kontsumitzeak duen garrantziaz &nbsp;entsibilizatzeko eta ikasteko jarduera-programa handi bat antolatu da. 2016az geroztik CPAEN NNPEK antolatuta, gastronomia-gune bat, [&hellip;]<\/p>\n","protected":false},"author":5,"featured_media":0,"comment_status":"closed","ping_status":"open","sticky":false,"template":"","format":"standard","meta":{"_acf_changed":false,"footnotes":""},"categories":[177],"tags":[],"class_list":["post-14442","post","type-post","status-publish","format-standard","hentry","category-albisteak"],"nelio_popups_active_popup":"","acf":[],"yoast_head":"<!-- This site is optimized with the Yoast SEO plugin v27.4 - https:\/\/yoast.com\/product\/yoast-seo-wordpress\/ -->\n<title>Nafarroako Azoka Ekologikoak 10. urteurrena ospatuko du aurten - Elortzibarko Udala<\/title>\n<meta name=\"robots\" content=\"index, follow, max-snippet:-1, max-image-preview:large, max-video-preview:-1\" \/>\n<link rel=\"canonical\" href=\"https:\/\/noain.es\/eu\/nueva-edicion-de-la-feria-navarra-ecologica-en-el-parque-de-los-sentidos-que-este-ano-celebra-su-10-aniversario\/\" \/>\n<meta property=\"og:locale\" content=\"eu_ES\" \/>\n<meta property=\"og:type\" content=\"article\" \/>\n<meta property=\"og:title\" content=\"Nafarroako Azoka Ekologikoak 10. urteurrena ospatuko du aurten - Elortzibarko Udala\" \/>\n<meta property=\"og:description\" content=\"Nafarroako Azoka Ekologikoak 10. urteurrena ospatuko du aurten!!!! Nafarroako Azoka Ekologikoak 10. urteurrena ospatuko du aurten!!!! Zuzeneko salmenta eta produktoreak bertatik bertara ezagutzeko aukera uztartuko dituen ekitaldia da. Horrez gain, produktu freskoak, sasoikoak, elaboratuak eta artisauak (euroorria) kontsumitzeak duen garrantziaz &nbsp;entsibilizatzeko eta ikasteko jarduera-programa handi bat antolatu da. 2016az geroztik CPAEN NNPEK antolatuta, gastronomia-gune bat, [&hellip;]\" \/>\n<meta property=\"og:url\" content=\"https:\/\/noain.es\/eu\/nueva-edicion-de-la-feria-navarra-ecologica-en-el-parque-de-los-sentidos-que-este-ano-celebra-su-10-aniversario\/\" \/>\n<meta property=\"og:site_name\" content=\"Elortzibarko Udala\" \/>\n<meta property=\"article:published_time\" content=\"2025-09-10T10:56:58+00:00\" \/>\n<meta property=\"article:modified_time\" content=\"2025-09-10T11:11:08+00:00\" \/>\n<meta name=\"author\" content=\"ikrutxaga@heda.es\" \/>\n<meta name=\"twitter:card\" content=\"summary_large_image\" \/>\n<meta name=\"twitter:label1\" content=\"Written by\" \/>\n\t<meta name=\"twitter:data1\" content=\"ikrutxaga@heda.es\" \/>\n\t<meta name=\"twitter:label2\" content=\"Est. reading time\" \/>\n\t<meta name=\"twitter:data2\" content=\"1 minute\" \/>\n<script type=\"application\/ld+json\" class=\"yoast-schema-graph\">{\"@context\":\"https:\\\/\\\/schema.org\",\"@graph\":[{\"@type\":\"Article\",\"@id\":\"https:\\\/\\\/noain.es\\\/eu\\\/nueva-edicion-de-la-feria-navarra-ecologica-en-el-parque-de-los-sentidos-que-este-ano-celebra-su-10-aniversario\\\/#article\",\"isPartOf\":{\"@id\":\"https:\\\/\\\/noain.es\\\/eu\\\/nueva-edicion-de-la-feria-navarra-ecologica-en-el-parque-de-los-sentidos-que-este-ano-celebra-su-10-aniversario\\\/\"},\"author\":{\"name\":\"ikrutxaga@heda.es\",\"@id\":\"https:\\\/\\\/noain.es\\\/eu\\\/#\\\/schema\\\/person\\\/671e529ae3a5556a6aa0dc85c54c6638\"},\"headline\":\"Nafarroako Azoka Ekologikoak 10. urteurrena ospatuko du aurten\",\"datePublished\":\"2025-09-10T10:56:58+00:00\",\"dateModified\":\"2025-09-10T11:11:08+00:00\",\"mainEntityOfPage\":{\"@id\":\"https:\\\/\\\/noain.es\\\/eu\\\/nueva-edicion-de-la-feria-navarra-ecologica-en-el-parque-de-los-sentidos-que-este-ano-celebra-su-10-aniversario\\\/\"},\"wordCount\":117,\"articleSection\":[\"Albisteak\"],\"inLanguage\":\"eu-ES\"},{\"@type\":\"WebPage\",\"@id\":\"https:\\\/\\\/noain.es\\\/eu\\\/nueva-edicion-de-la-feria-navarra-ecologica-en-el-parque-de-los-sentidos-que-este-ano-celebra-su-10-aniversario\\\/\",\"url\":\"https:\\\/\\\/noain.es\\\/eu\\\/nueva-edicion-de-la-feria-navarra-ecologica-en-el-parque-de-los-sentidos-que-este-ano-celebra-su-10-aniversario\\\/\",\"name\":\"Nafarroako Azoka Ekologikoak 10. urteurrena ospatuko du aurten - Elortzibarko Udala\",\"isPartOf\":{\"@id\":\"https:\\\/\\\/noain.es\\\/eu\\\/#website\"},\"datePublished\":\"2025-09-10T10:56:58+00:00\",\"dateModified\":\"2025-09-10T11:11:08+00:00\",\"author\":{\"@id\":\"https:\\\/\\\/noain.es\\\/eu\\\/#\\\/schema\\\/person\\\/671e529ae3a5556a6aa0dc85c54c6638\"},\"breadcrumb\":{\"@id\":\"https:\\\/\\\/noain.es\\\/eu\\\/nueva-edicion-de-la-feria-navarra-ecologica-en-el-parque-de-los-sentidos-que-este-ano-celebra-su-10-aniversario\\\/#breadcrumb\"},\"inLanguage\":\"eu-ES\",\"potentialAction\":[{\"@type\":\"ReadAction\",\"target\":[\"https:\\\/\\\/noain.es\\\/eu\\\/nueva-edicion-de-la-feria-navarra-ecologica-en-el-parque-de-los-sentidos-que-este-ano-celebra-su-10-aniversario\\\/\"]}]},{\"@type\":\"BreadcrumbList\",\"@id\":\"https:\\\/\\\/noain.es\\\/eu\\\/nueva-edicion-de-la-feria-navarra-ecologica-en-el-parque-de-los-sentidos-que-este-ano-celebra-su-10-aniversario\\\/#breadcrumb\",\"itemListElement\":[{\"@type\":\"ListItem\",\"position\":1,\"name\":\"Portada\",\"item\":\"https:\\\/\\\/noain.es\\\/eu\\\/\"},{\"@type\":\"ListItem\",\"position\":2,\"name\":\"Nafarroako Azoka Ekologikoak 10. urteurrena ospatuko du aurten\"}]},{\"@type\":\"WebSite\",\"@id\":\"https:\\\/\\\/noain.es\\\/eu\\\/#website\",\"url\":\"https:\\\/\\\/noain.es\\\/eu\\\/\",\"name\":\"Elortzibarko Udala\",\"description\":\"\",\"potentialAction\":[{\"@type\":\"SearchAction\",\"target\":{\"@type\":\"EntryPoint\",\"urlTemplate\":\"https:\\\/\\\/noain.es\\\/eu\\\/?s={search_term_string}\"},\"query-input\":{\"@type\":\"PropertyValueSpecification\",\"valueRequired\":true,\"valueName\":\"search_term_string\"}}],\"inLanguage\":\"eu-ES\"},{\"@type\":\"Person\",\"@id\":\"https:\\\/\\\/noain.es\\\/eu\\\/#\\\/schema\\\/person\\\/671e529ae3a5556a6aa0dc85c54c6638\",\"name\":\"ikrutxaga@heda.es\",\"image\":{\"@type\":\"ImageObject\",\"inLanguage\":\"eu-ES\",\"@id\":\"https:\\\/\\\/secure.gravatar.com\\\/avatar\\\/e9ba6ba22b57f31b2ec4c07799c878811ebfe4d8f55f3d42d6d0261511773850\",\"url\":\"https:\\\/\\\/secure.gravatar.com\\\/avatar\\\/e9ba6ba22b57f31b2ec4c07799c878811ebfe4d8f55f3d42d6d0261511773850\",\"contentUrl\":\"https:\\\/\\\/secure.gravatar.com\\\/avatar\\\/e9ba6ba22b57f31b2ec4c07799c878811ebfe4d8f55f3d42d6d0261511773850\",\"caption\":\"ikrutxaga@heda.es\"},\"url\":\"https:\\\/\\\/noain.es\\\/eu\\\/author\\\/ikrutxagaheda-es\\\/\"}]}<\/script>\n<!-- \/ Yoast SEO plugin. -->","yoast_head_json":{"title":"Nafarroako Azoka Ekologikoak 10. urteurrena ospatuko du aurten - Elortzibarko Udala","robots":{"index":"index","follow":"follow","max-snippet":"max-snippet:-1","max-image-preview":"max-image-preview:large","max-video-preview":"max-video-preview:-1"},"canonical":"https:\/\/noain.es\/eu\/nueva-edicion-de-la-feria-navarra-ecologica-en-el-parque-de-los-sentidos-que-este-ano-celebra-su-10-aniversario\/","og_locale":"eu_ES","og_type":"article","og_title":"Nafarroako Azoka Ekologikoak 10. urteurrena ospatuko du aurten - Elortzibarko Udala","og_description":"Nafarroako Azoka Ekologikoak 10. urteurrena ospatuko du aurten!!!! Nafarroako Azoka Ekologikoak 10. urteurrena ospatuko du aurten!!!! Zuzeneko salmenta eta produktoreak bertatik bertara ezagutzeko aukera uztartuko dituen ekitaldia da. Horrez gain, produktu freskoak, sasoikoak, elaboratuak eta artisauak (euroorria) kontsumitzeak duen garrantziaz &nbsp;entsibilizatzeko eta ikasteko jarduera-programa handi bat antolatu da. 2016az geroztik CPAEN NNPEK antolatuta, gastronomia-gune bat, [&hellip;]","og_url":"https:\/\/noain.es\/eu\/nueva-edicion-de-la-feria-navarra-ecologica-en-el-parque-de-los-sentidos-que-este-ano-celebra-su-10-aniversario\/","og_site_name":"Elortzibarko Udala","article_published_time":"2025-09-10T10:56:58+00:00","article_modified_time":"2025-09-10T11:11:08+00:00","author":"ikrutxaga@heda.es","twitter_card":"summary_large_image","twitter_misc":{"Written by":"ikrutxaga@heda.es","Est. reading time":"1 minute"},"schema":{"@context":"https:\/\/schema.org","@graph":[{"@type":"Article","@id":"https:\/\/noain.es\/eu\/nueva-edicion-de-la-feria-navarra-ecologica-en-el-parque-de-los-sentidos-que-este-ano-celebra-su-10-aniversario\/#article","isPartOf":{"@id":"https:\/\/noain.es\/eu\/nueva-edicion-de-la-feria-navarra-ecologica-en-el-parque-de-los-sentidos-que-este-ano-celebra-su-10-aniversario\/"},"author":{"name":"ikrutxaga@heda.es","@id":"https:\/\/noain.es\/eu\/#\/schema\/person\/671e529ae3a5556a6aa0dc85c54c6638"},"headline":"Nafarroako Azoka Ekologikoak 10. urteurrena ospatuko du aurten","datePublished":"2025-09-10T10:56:58+00:00","dateModified":"2025-09-10T11:11:08+00:00","mainEntityOfPage":{"@id":"https:\/\/noain.es\/eu\/nueva-edicion-de-la-feria-navarra-ecologica-en-el-parque-de-los-sentidos-que-este-ano-celebra-su-10-aniversario\/"},"wordCount":117,"articleSection":["Albisteak"],"inLanguage":"eu-ES"},{"@type":"WebPage","@id":"https:\/\/noain.es\/eu\/nueva-edicion-de-la-feria-navarra-ecologica-en-el-parque-de-los-sentidos-que-este-ano-celebra-su-10-aniversario\/","url":"https:\/\/noain.es\/eu\/nueva-edicion-de-la-feria-navarra-ecologica-en-el-parque-de-los-sentidos-que-este-ano-celebra-su-10-aniversario\/","name":"Nafarroako Azoka Ekologikoak 10. urteurrena ospatuko du aurten - Elortzibarko Udala","isPartOf":{"@id":"https:\/\/noain.es\/eu\/#website"},"datePublished":"2025-09-10T10:56:58+00:00","dateModified":"2025-09-10T11:11:08+00:00","author":{"@id":"https:\/\/noain.es\/eu\/#\/schema\/person\/671e529ae3a5556a6aa0dc85c54c6638"},"breadcrumb":{"@id":"https:\/\/noain.es\/eu\/nueva-edicion-de-la-feria-navarra-ecologica-en-el-parque-de-los-sentidos-que-este-ano-celebra-su-10-aniversario\/#breadcrumb"},"inLanguage":"eu-ES","potentialAction":[{"@type":"ReadAction","target":["https:\/\/noain.es\/eu\/nueva-edicion-de-la-feria-navarra-ecologica-en-el-parque-de-los-sentidos-que-este-ano-celebra-su-10-aniversario\/"]}]},{"@type":"BreadcrumbList","@id":"https:\/\/noain.es\/eu\/nueva-edicion-de-la-feria-navarra-ecologica-en-el-parque-de-los-sentidos-que-este-ano-celebra-su-10-aniversario\/#breadcrumb","itemListElement":[{"@type":"ListItem","position":1,"name":"Portada","item":"https:\/\/noain.es\/eu\/"},{"@type":"ListItem","position":2,"name":"Nafarroako Azoka Ekologikoak 10. urteurrena ospatuko du aurten"}]},{"@type":"WebSite","@id":"https:\/\/noain.es\/eu\/#website","url":"https:\/\/noain.es\/eu\/","name":"Elortzibarko Udala","description":"","potentialAction":[{"@type":"SearchAction","target":{"@type":"EntryPoint","urlTemplate":"https:\/\/noain.es\/eu\/?s={search_term_string}"},"query-input":{"@type":"PropertyValueSpecification","valueRequired":true,"valueName":"search_term_string"}}],"inLanguage":"eu-ES"},{"@type":"Person","@id":"https:\/\/noain.es\/eu\/#\/schema\/person\/671e529ae3a5556a6aa0dc85c54c6638","name":"ikrutxaga@heda.es","image":{"@type":"ImageObject","inLanguage":"eu-ES","@id":"https:\/\/secure.gravatar.com\/avatar\/e9ba6ba22b57f31b2ec4c07799c878811ebfe4d8f55f3d42d6d0261511773850","url":"https:\/\/secure.gravatar.com\/avatar\/e9ba6ba22b57f31b2ec4c07799c878811ebfe4d8f55f3d42d6d0261511773850","contentUrl":"https:\/\/secure.gravatar.com\/avatar\/e9ba6ba22b57f31b2ec4c07799c878811ebfe4d8f55f3d42d6d0261511773850","caption":"ikrutxaga@heda.es"},"url":"https:\/\/noain.es\/eu\/author\/ikrutxagaheda-es\/"}]}},"_links":{"self":[{"href":"https:\/\/noain.es\/eu\/wp-json\/wp\/v2\/posts\/14442","targetHints":{"allow":["GET"]}}],"collection":[{"href":"https:\/\/noain.es\/eu\/wp-json\/wp\/v2\/posts"}],"about":[{"href":"https:\/\/noain.es\/eu\/wp-json\/wp\/v2\/types\/post"}],"author":[{"embeddable":true,"href":"https:\/\/noain.es\/eu\/wp-json\/wp\/v2\/users\/5"}],"replies":[{"embeddable":true,"href":"https:\/\/noain.es\/eu\/wp-json\/wp\/v2\/comments?post=14442"}],"version-history":[{"count":1,"href":"https:\/\/noain.es\/eu\/wp-json\/wp\/v2\/posts\/14442\/revisions"}],"predecessor-version":[{"id":14444,"href":"https:\/\/noain.es\/eu\/wp-json\/wp\/v2\/posts\/14442\/revisions\/14444"}],"wp:attachment":[{"href":"https:\/\/noain.es\/eu\/wp-json\/wp\/v2\/media?parent=14442"}],"wp:term":[{"taxonomy":"category","embeddable":true,"href":"https:\/\/noain.es\/eu\/wp-json\/wp\/v2\/categories?post=14442"},{"taxonomy":"post_tag","embeddable":true,"href":"https:\/\/noain.es\/eu\/wp-json\/wp\/v2\/tags?post=14442"}],"curies":[{"name":"wp","href":"https:\/\/api.w.org\/{rel}","templated":true}]}}